{"id":1530,"date":"2019-03-25T18:18:45","date_gmt":"2019-03-25T17:18:45","guid":{"rendered":"http:\/\/www.sclocarno.ch\/wordpress\/?p=1530"},"modified":"2019-03-25T19:10:18","modified_gmt":"2019-03-25T18:10:18","slug":"nuovi-membri-di-comitato","status":"publish","type":"post","link":"https:\/\/sclocarno.ch\/wordpress\/2019\/03\/25\/nuovi-membri-di-comitato\/","title":{"rendered":"Nuovi membri di Comitato"},"content":{"rendered":"<span itemprop=\"description\"><p>&nbsp;<\/p>\n<figure style=\"width: 448px\" class=\"wp-caption aligncenter\"><img loading=\"lazy\" decoding=\"async\" src=\"http:\/\/www.sclocarno.ch\/wordpress\/wp-content\/uploads\/2019\/03\/FridaChristian.jpg\" alt=\"\" width=\"448\" height=\"313\" \/><figcaption class=\"wp-caption-text\">In immagine Frida e Christian<\/figcaption><\/figure>\n<p>Durante l&#8217;ultima Assemblea Generale sono stati eletti due nuovi membri di Comitato.<\/p>\n<p>Frida Andreotti si occuper\u00e0 della ricerca sponsor e della comunicazione con i media.<\/p>\n<p>Christian Guidetti condivider\u00e0 con Paolo Frigerio varie mansioni di ordine tecnico, quali la responsabilit\u00e0 e la manutenzione dell\u2019hangar, delle barche, dell\u2019interno e dell\u2019esterno dello stabile. Entrato recentemente a far parte dei responsabili Amatori, egli si occuper\u00e0 altres\u00ec dei rapporti con questo gruppo.<\/p>\n<p>Nel corso dell&#8217;ultima seduta di Comitato \u00e8 stato poi eletto Vice Presidente, Pierluigi Gennarini che mantiene comunque il ruolo di Responsabile CT.<\/p>\n<p>Per il resto il Presidente e gli altri membri di Comitato porteranno avanti le mansioni a loro affidate gi\u00e0 in passato.<\/p>\n<p>Benvenuti a Frida e Christian e grazie della vostra disponibilit\u00e0.<\/p>\n<span>","protected":false},"excerpt":{"rendered":"<p class=\"excerpt\"><span itemprop=\"description\">&nbsp; Durante l&#8217;ultima Assemblea Generale sono stati eletti due nuovi membri di Comitato. Frida Andreotti si occuper\u00e0 della ricerca sponsor e della comunicazione con i media. Christian Guidetti condivider\u00e0 con Paolo Frigerio varie mansioni di ordine tecnico, quali la responsabilit\u00e0 e la manutenzione dell\u2019hangar, delle&hellip;<\/span><\/p>\n<p class=\"more-link-p btn-align-right\"><a class=\"blue zoom-btn\" href=\"https:\/\/sclocarno.ch\/wordpress\/2019\/03\/25\/nuovi-membri-di-comitato\/\">Read More<\/a><\/p>\n","protected":false},"author":1,"featured_media":1534,"comment_status":"closed","ping_status":"closed","sticky":false,"template":"","format":"standard","meta":{"footnotes":""},"categories":[1],"tags":[],"class_list":["post-1530","post","type-post","status-publish","format-standard","has-post-thumbnail","hentry","category-news","zoom-theme-has-thumb"],"_links":{"self":[{"href":"https:\/\/sclocarno.ch\/wordpress\/wp-json\/wp\/v2\/posts\/1530","targetHints":{"allow":["GET"]}}],"collection":[{"href":"https:\/\/sclocarno.ch\/wordpress\/wp-json\/wp\/v2\/posts"}],"about":[{"href":"https:\/\/sclocarno.ch\/wordpress\/wp-json\/wp\/v2\/types\/post"}],"author":[{"embeddable":true,"href":"https:\/\/sclocarno.ch\/wordpress\/wp-json\/wp\/v2\/users\/1"}],"replies":[{"embeddable":true,"href":"https:\/\/sclocarno.ch\/wordpress\/wp-json\/wp\/v2\/comments?post=1530"}],"version-history":[{"count":6,"href":"https:\/\/sclocarno.ch\/wordpress\/wp-json\/wp\/v2\/posts\/1530\/revisions"}],"predecessor-version":[{"id":1537,"href":"https:\/\/sclocarno.ch\/wordpress\/wp-json\/wp\/v2\/posts\/1530\/revisions\/1537"}],"wp:featuredmedia":[{"embeddable":true,"href":"https:\/\/sclocarno.ch\/wordpress\/wp-json\/wp\/v2\/media\/1534"}],"wp:attachment":[{"href":"https:\/\/sclocarno.ch\/wordpress\/wp-json\/wp\/v2\/media?parent=1530"}],"wp:term":[{"taxonomy":"category","embeddable":true,"href":"https:\/\/sclocarno.ch\/wordpress\/wp-json\/wp\/v2\/categories?post=1530"},{"taxonomy":"post_tag","embeddable":true,"href":"https:\/\/sclocarno.ch\/wordpress\/wp-json\/wp\/v2\/tags?post=1530"}],"curies":[{"name":"wp","href":"https:\/\/api.w.org\/{rel}","templated":true}]}}