{"id":2191,"date":"2021-05-01T15:54:47","date_gmt":"2021-05-01T14:54:47","guid":{"rendered":"http:\/\/www.sclocarno.ch\/wordpress\/?p=2191"},"modified":"2021-05-01T15:54:47","modified_gmt":"2021-05-01T14:54:47","slug":"inizio-di-stagione-un-po-meno-anomalo","status":"publish","type":"post","link":"https:\/\/sclocarno.ch\/wordpress\/2021\/05\/01\/inizio-di-stagione-un-po-meno-anomalo\/","title":{"rendered":"Inizio di stagione un po&#8217; meno anomalo"},"content":{"rendered":"<span itemprop=\"description\"><figure style=\"width: 490px\" class=\"wp-caption aligncenter\"><img loading=\"lazy\" decoding=\"async\" src=\"http:\/\/www.sclocarno.ch\/wordpress\/wp-content\/uploads\/2021\/05\/2021-maggio.jpg\" alt=\"\" width=\"490\" height=\"611\" \/><figcaption class=\"wp-caption-text\">Allenamento sotto la pioggia<\/figcaption><\/figure>\n<p>Tra una settimana inizia la stagione delle gare in linea per la nostra Squadra competizione.<\/p>\n<p>Stagione ancora &#8220;influenzata&#8221; dalla pandemia : due delle sei gare del calendario svizzero cancellate, le gare delle regioni Piemonte e Lombardia chiuse alle societ\u00e0 straniere e, come se non bastasse, un aprile tra i pi\u00f9 freddi degli ultimi anni!<\/p>\n<p>Le nostre ragazze e i nostri ragazzi hanno per\u00f2 continuato ad allenarsi duramente per farsi trovare pronti.<\/p>\n<p>Il prossimo weekend la Squadra competizione partir\u00e0 alla volta di Schmerikon e sotto la guida degli allenatori Roberto, Juan e Ramon parteciperanno alla gara di apertura della stagione Svizzera.<\/p>\n<p>Niente pubblico, niente attivit\u00e0 di contorno e rigidi piani di protezione non permetteranno lo svolgimento &#8220;normale&#8221; di un fine settimana di gare, ma in ogni caso \u00e8 gi\u00e0 un importante passo in avanti verso la tanto sospirata normalit\u00e0.<\/p>\n<p>Forza ragazze e Forza ragazzi<\/p>\n<span>","protected":false},"excerpt":{"rendered":"<p class=\"excerpt\"><span itemprop=\"description\">Tra una settimana inizia la stagione delle gare in linea per la nostra Squadra competizione. Stagione ancora &#8220;influenzata&#8221; dalla pandemia : due delle sei gare del calendario svizzero cancellate, le gare delle regioni Piemonte e Lombardia chiuse alle societ\u00e0 straniere e, come se non bastasse,&hellip;<\/span><\/p>\n<p class=\"more-link-p btn-align-right\"><a class=\"blue zoom-btn\" href=\"https:\/\/sclocarno.ch\/wordpress\/2021\/05\/01\/inizio-di-stagione-un-po-meno-anomalo\/\">Read More<\/a><\/p>\n","protected":false},"author":1,"featured_media":2190,"comment_status":"closed","ping_status":"closed","sticky":false,"template":"","format":"standard","meta":{"footnotes":""},"categories":[1],"tags":[],"class_list":["post-2191","post","type-post","status-publish","format-standard","has-post-thumbnail","hentry","category-news","zoom-theme-has-thumb"],"_links":{"self":[{"href":"https:\/\/sclocarno.ch\/wordpress\/wp-json\/wp\/v2\/posts\/2191","targetHints":{"allow":["GET"]}}],"collection":[{"href":"https:\/\/sclocarno.ch\/wordpress\/wp-json\/wp\/v2\/posts"}],"about":[{"href":"https:\/\/sclocarno.ch\/wordpress\/wp-json\/wp\/v2\/types\/post"}],"author":[{"embeddable":true,"href":"https:\/\/sclocarno.ch\/wordpress\/wp-json\/wp\/v2\/users\/1"}],"replies":[{"embeddable":true,"href":"https:\/\/sclocarno.ch\/wordpress\/wp-json\/wp\/v2\/comments?post=2191"}],"version-history":[{"count":2,"href":"https:\/\/sclocarno.ch\/wordpress\/wp-json\/wp\/v2\/posts\/2191\/revisions"}],"predecessor-version":[{"id":2193,"href":"https:\/\/sclocarno.ch\/wordpress\/wp-json\/wp\/v2\/posts\/2191\/revisions\/2193"}],"wp:featuredmedia":[{"embeddable":true,"href":"https:\/\/sclocarno.ch\/wordpress\/wp-json\/wp\/v2\/media\/2190"}],"wp:attachment":[{"href":"https:\/\/sclocarno.ch\/wordpress\/wp-json\/wp\/v2\/media?parent=2191"}],"wp:term":[{"taxonomy":"category","embeddable":true,"href":"https:\/\/sclocarno.ch\/wordpress\/wp-json\/wp\/v2\/categories?post=2191"},{"taxonomy":"post_tag","embeddable":true,"href":"https:\/\/sclocarno.ch\/wordpress\/wp-json\/wp\/v2\/tags?post=2191"}],"curies":[{"name":"wp","href":"https:\/\/api.w.org\/{rel}","templated":true}]}}