{"id":2513,"date":"2022-04-24T18:05:05","date_gmt":"2022-04-24T17:05:05","guid":{"rendered":"http:\/\/www.sclocarno.ch\/wordpress\/?p=2513"},"modified":"2022-04-25T17:50:11","modified_gmt":"2022-04-25T16:50:11","slug":"alla-regate-di-lauerz-medaglie-scl","status":"publish","type":"post","link":"https:\/\/sclocarno.ch\/wordpress\/2022\/04\/24\/alla-regate-di-lauerz-medaglie-scl\/","title":{"rendered":"Alla regata di Lauerz medaglie SCL"},"content":{"rendered":"<span itemprop=\"description\"><figure style=\"width: 500px\" class=\"wp-caption aligncenter\"><img loading=\"lazy\" decoding=\"async\" src=\"http:\/\/www.sclocarno.ch\/wordpress\/wp-content\/uploads\/2022\/04\/Lauerz2022.jpg\" alt=\"\" width=\"500\" height=\"482\" \/><figcaption class=\"wp-caption-text\">Da sinistra: Joel (medaglia d&#8217;oro), Roberto (Head Coach SCL) e Dario (medaglia d&#8217;argento)<\/figcaption><\/figure>\n<p>Nel fine settimana del 23\/24 aprile \u00e8 andato in scena l&#8217;appuntamento del &#8220;Lauerzersee&#8221;: prima regata d&#8217;oltralpe del calendario remiero nazionale. Ben 1092 equipaggi iscritti; tra questi anche le ragazze e i ragazzi della nostra squadra competizione.<\/p>\n<p>I risultati SCL.<\/p>\n<p><strong><span style=\"text-decoration: underline;\">Categoria U19 machile<\/span><\/strong><br \/>\nMedaglia d&#8217;oro e medaglia d&#8217;argento rispettivamente per Joel Pellegrini e Dario Marzilli nella specialit\u00e0 del singolo. Joel e Dario hanno corso anche nella specialit\u00e0 del doppio giungendo quarti della loro serie con un tempo che fa ben sperare per le prossime gare. Joel e Dario pur essendo al loro primo anno negli U19, hanno dimostrato di non aver sofferto il salto di categoria.<br \/>\nAndrea Fasoli, Lauro Buffi, Enea Bruno e Dario Marzilli sono giunti quinti nella specialit\u00e0 del quattro di coppia.<\/p>\n<p><span style=\"text-decoration: underline;\"><strong>Categoria U19 femminile<\/strong><\/span><br \/>\nLucia Breganni, Lhamo Crivelli, Thais Pellegrini, Giulia Maggini, Dalia Carrera Gonzalez, Aline Bianda, Thea Togni, Siria Ruffetta timonate da Dora Ferretti sono giunte quarte nella specialit\u00e0 dell&#8217;otto con.<br \/>\nDalia con Giulia e Siria con Thais si sono poi cimentate anche nella speicalit\u00e0 del doppio giungendo rispettivamente quarte e quinte.<\/p>\n<p><span style=\"text-decoration: underline;\"><strong>Categoria U17 maschile<\/strong><\/span><br \/>\nProcede in crescendo il processo di maturit\u00e0 sportiva di Simone Gliozzi. Il suo quarto posto conferma la sua continua crescita nella specialit\u00e0 del singolo. Nella stessa specialit\u00e0 era iscritto anche Iker Mato che a causa di un infortunio dell&#8217;ultimo momento non ha potuto partecipare all&#8217;evento.<\/p>\n<p><span style=\"text-decoration: underline;\"><strong>Categoria U15 femminile<\/strong><\/span><br \/>\nLeana Togni e Vittoria Mossi sono giunte quarte nella specialit\u00e0 del doppio. Vittoria e Leana hanno iniziato a remare nemmeno da un anno, devono perci\u00f2 pagare dazio, come hanno fatto tutte, alle loro prime uscite sui campi di gara.<\/p>\n<p><span style=\"text-decoration: underline;\"><strong>Categoria U15 maschile<\/strong><\/span><br \/>\nMichele Muschietti, Giona Manfrina e Elias Walder in compagnia di Alessio Vicentini della Lugano, sono giunti quarti nella specialit\u00e0 del quattro di coppia. Il gruppo SCL degli U15 machile \u00e8 solitamente molto pi\u00f9 numeroso; la concomitanza delle vacanze pasquali con la gara, non ha permesso agli allenatori di poter schierare il miglior equipaggio. Il quattro di coppia U15 maschile dovr\u00e0 essere valutato nel prosieguo della stagione.<\/p>\n<p>Ora la Squadra Competizione avr\u00e0 quasi un mese a disposizione per preparare al meglio la seconda parte di stagione che culminer\u00e0 con i Campionati Svizzeri di inizio luglio sulle acque del Rotsee. Prossimo appuntamento per\u00f2 il weekend del 21\/22 maggio a Cham.<\/p>\n<p><a href=\"http:\/\/www.sclocarno.ch\/wordpress\/wp-content\/uploads\/2022\/04\/Lauerz2022.pdf\" target=\"_blank\" rel=\"noopener\">Risultati completi della manifestazione<\/a><\/p>\n<p><a href=\"https:\/\/photos.app.goo.gl\/jXcJdD4taxqDgK5n6\" target=\"_blank\" rel=\"noopener\">Alcune foto dell&#8217;evento del Lauerz<\/a><\/p>\n<p>&nbsp;<\/p>\n<p>&nbsp;<\/p>\n<p>&nbsp;<\/p>\n<span>","protected":false},"excerpt":{"rendered":"<p class=\"excerpt\"><span itemprop=\"description\">Nel fine settimana del 23\/24 aprile \u00e8 andato in scena l&#8217;appuntamento del &#8220;Lauerzersee&#8221;: prima regata d&#8217;oltralpe del calendario remiero nazionale. Ben 1092 equipaggi iscritti; tra questi anche le ragazze e i ragazzi della nostra squadra competizione. I risultati SCL. Categoria U19 machile Medaglia d&#8217;oro e&hellip;<\/span><\/p>\n<p class=\"more-link-p btn-align-right\"><a class=\"blue zoom-btn\" href=\"https:\/\/sclocarno.ch\/wordpress\/2022\/04\/24\/alla-regate-di-lauerz-medaglie-scl\/\">Read More<\/a><\/p>\n","protected":false},"author":1,"featured_media":2515,"comment_status":"closed","ping_status":"closed","sticky":false,"template":"","format":"standard","meta":{"footnotes":""},"categories":[1],"tags":[],"class_list":["post-2513","post","type-post","status-publish","format-standard","has-post-thumbnail","hentry","category-news","zoom-theme-has-thumb"],"_links":{"self":[{"href":"https:\/\/sclocarno.ch\/wordpress\/wp-json\/wp\/v2\/posts\/2513","targetHints":{"allow":["GET"]}}],"collection":[{"href":"https:\/\/sclocarno.ch\/wordpress\/wp-json\/wp\/v2\/posts"}],"about":[{"href":"https:\/\/sclocarno.ch\/wordpress\/wp-json\/wp\/v2\/types\/post"}],"author":[{"embeddable":true,"href":"https:\/\/sclocarno.ch\/wordpress\/wp-json\/wp\/v2\/users\/1"}],"replies":[{"embeddable":true,"href":"https:\/\/sclocarno.ch\/wordpress\/wp-json\/wp\/v2\/comments?post=2513"}],"version-history":[{"count":13,"href":"https:\/\/sclocarno.ch\/wordpress\/wp-json\/wp\/v2\/posts\/2513\/revisions"}],"predecessor-version":[{"id":2528,"href":"https:\/\/sclocarno.ch\/wordpress\/wp-json\/wp\/v2\/posts\/2513\/revisions\/2528"}],"wp:featuredmedia":[{"embeddable":true,"href":"https:\/\/sclocarno.ch\/wordpress\/wp-json\/wp\/v2\/media\/2515"}],"wp:attachment":[{"href":"https:\/\/sclocarno.ch\/wordpress\/wp-json\/wp\/v2\/media?parent=2513"}],"wp:term":[{"taxonomy":"category","embeddable":true,"href":"https:\/\/sclocarno.ch\/wordpress\/wp-json\/wp\/v2\/categories?post=2513"},{"taxonomy":"post_tag","embeddable":true,"href":"https:\/\/sclocarno.ch\/wordpress\/wp-json\/wp\/v2\/tags?post=2513"}],"curies":[{"name":"wp","href":"https:\/\/api.w.org\/{rel}","templated":true}]}}