{"id":2679,"date":"2022-09-28T18:55:26","date_gmt":"2022-09-28T17:55:26","guid":{"rendered":"https:\/\/www.sclocarno.ch\/wordpress\/?p=2679"},"modified":"2022-09-28T18:55:26","modified_gmt":"2022-09-28T17:55:26","slug":"cst-di-tenero-sportissima-2022","status":"publish","type":"post","link":"https:\/\/sclocarno.ch\/wordpress\/2022\/09\/28\/cst-di-tenero-sportissima-2022\/","title":{"rendered":"CST di Tenero &#8211; &#8220;Sportissima 2022&#8221;"},"content":{"rendered":"<span itemprop=\"description\"><figure style=\"width: 750px\" class=\"wp-caption aligncenter\"><img loading=\"lazy\" decoding=\"async\" src=\"http:\/\/www.sclocarno.ch\/wordpress\/wp-content\/uploads\/2022\/09\/Sportissima2022.jpg\" alt=\"\" width=\"750\" height=\"562\" \/><figcaption class=\"wp-caption-text\">La Squadra SCL a <em>&#8220;Sportissima 2022&#8221;<\/em><\/figcaption><\/figure>\n<p>Domenica 18 settembre 2022 si \u00e8 svolta la manifestazione <em>&#8220;Sportissima 2022&#8221;<\/em> al CST di Tenero.<\/p>\n<p>I nostri atleti si sono impegnati a presentare l&#8217;attivit\u00e0 della Canottieri Locarno e a promuovere il canottaggio come sport adatto a tutte le et\u00e0.<\/p>\n<p>Una bella giornata di met\u00e0 settembre ha permesso alla Squadra di poter accogliere il folto pubblico con dimostrazioni, prove sul remoergometro e con uscite in barca.<\/p>\n<p>Come sempre presenti i nostri allenatori Juan, Ramon e Roberto coadiuvati dall&#8217;immancabile Ludovica.<\/p>\n<p>Un grazie a tutti e alla prossima edizione di <em>&#8220;Sportissima&#8221;.<\/em><\/p>\n<p><a href=\"https:\/\/photos.app.goo.gl\/f98E8UNHX97MzH9o8\" target=\"_blank\" rel=\"noopener\">Alcune foto della manifestazione<\/a><\/p>\n<span>","protected":false},"excerpt":{"rendered":"<p class=\"excerpt\"><span itemprop=\"description\">Domenica 18 settembre 2022 si \u00e8 svolta la manifestazione &#8220;Sportissima 2022&#8221; al CST di Tenero. I nostri atleti si sono impegnati a presentare l&#8217;attivit\u00e0 della Canottieri Locarno e a promuovere il canottaggio come sport adatto a tutte le et\u00e0. Una bella giornata di met\u00e0 settembre&hellip;<\/span><\/p>\n<p class=\"more-link-p btn-align-right\"><a class=\"blue zoom-btn\" href=\"https:\/\/sclocarno.ch\/wordpress\/2022\/09\/28\/cst-di-tenero-sportissima-2022\/\">Read More<\/a><\/p>\n","protected":false},"author":1,"featured_media":2681,"comment_status":"closed","ping_status":"closed","sticky":false,"template":"","format":"standard","meta":{"footnotes":""},"categories":[1],"tags":[],"class_list":["post-2679","post","type-post","status-publish","format-standard","has-post-thumbnail","hentry","category-news","zoom-theme-has-thumb"],"_links":{"self":[{"href":"https:\/\/sclocarno.ch\/wordpress\/wp-json\/wp\/v2\/posts\/2679","targetHints":{"allow":["GET"]}}],"collection":[{"href":"https:\/\/sclocarno.ch\/wordpress\/wp-json\/wp\/v2\/posts"}],"about":[{"href":"https:\/\/sclocarno.ch\/wordpress\/wp-json\/wp\/v2\/types\/post"}],"author":[{"embeddable":true,"href":"https:\/\/sclocarno.ch\/wordpress\/wp-json\/wp\/v2\/users\/1"}],"replies":[{"embeddable":true,"href":"https:\/\/sclocarno.ch\/wordpress\/wp-json\/wp\/v2\/comments?post=2679"}],"version-history":[{"count":6,"href":"https:\/\/sclocarno.ch\/wordpress\/wp-json\/wp\/v2\/posts\/2679\/revisions"}],"predecessor-version":[{"id":2686,"href":"https:\/\/sclocarno.ch\/wordpress\/wp-json\/wp\/v2\/posts\/2679\/revisions\/2686"}],"wp:featuredmedia":[{"embeddable":true,"href":"https:\/\/sclocarno.ch\/wordpress\/wp-json\/wp\/v2\/media\/2681"}],"wp:attachment":[{"href":"https:\/\/sclocarno.ch\/wordpress\/wp-json\/wp\/v2\/media?parent=2679"}],"wp:term":[{"taxonomy":"category","embeddable":true,"href":"https:\/\/sclocarno.ch\/wordpress\/wp-json\/wp\/v2\/categories?post=2679"},{"taxonomy":"post_tag","embeddable":true,"href":"https:\/\/sclocarno.ch\/wordpress\/wp-json\/wp\/v2\/tags?post=2679"}],"curies":[{"name":"wp","href":"https:\/\/api.w.org\/{rel}","templated":true}]}}