{"id":3045,"date":"2023-05-22T20:26:55","date_gmt":"2023-05-22T19:26:55","guid":{"rendered":"https:\/\/www.sclocarno.ch\/wordpress\/?p=3045"},"modified":"2023-05-23T09:01:08","modified_gmt":"2023-05-23T08:01:08","slug":"beatrice-sul-tetto-deuropa-e-regata-di-cham","status":"publish","type":"post","link":"https:\/\/sclocarno.ch\/wordpress\/2023\/05\/22\/beatrice-sul-tetto-deuropa-e-regata-di-cham\/","title":{"rendered":"Beatrice sul &#8220;tetto d&#8217;Europa&#8221; e Regata di Cham"},"content":{"rendered":"<span itemprop=\"description\"><figure style=\"width: 1442px\" class=\"wp-caption aligncenter\"><img loading=\"lazy\" decoding=\"async\" src=\"http:\/\/www.sclocarno.ch\/wordpress\/wp-content\/uploads\/2023\/05\/ArticoloCham2023.jpg\" alt=\"\" width=\"1442\" height=\"506\" \/><figcaption class=\"wp-caption-text\">A sinistra: Beatrice e le sue compagne di nazionale. A destra la Squadra SCL alla regata di Cham<\/figcaption><\/figure>\n<p>Beatrice Ravini Perelli, atleta SCL, capovoga del quattro di coppia Campione d&#8217;Europa categoria U19 sulle acque di <em>&#8220;Brive La Gaillarde&#8221;<\/em> in Francia! Aspettiamo il ritorno di Bea in societ\u00e0 per intervistarla; non perdete il suo racconto prossimamene sui nostri<em> &#8220;social media&#8221;<\/em>.<\/p>\n<p>Non potevamo non iniziare questo articolo senza riportare l&#8217;impresa di Beatrice che conquista un fantastico oro europeo.<\/p>\n<p><span style=\"text-decoration: underline; font-size: 12pt;\"><strong>Regata di Cham<\/strong><\/span><\/p>\n<p>Nel weekend del 20 e 21 maggio si \u00e8 svolta la regata di Cham. Impressionante il numero degli equipaggi iscritti: 1250 in rappresentanza di tutte le societ\u00e0 di canottaggio della Svizzera e di alcune societ\u00e0 germaniche. La SCL non ha voluto mancare all&#8217;appuntamento e si \u00e8 presentata a Cham con 11 equipaggi.<\/p>\n<p><strong>Categoria U15F<\/strong><br \/>\nLeana Togni, Zoe Karatzoglou, Emma Gliozzi e Vittoria Mossi sabato con il terzo posto nella loro serie, <em>&#8220;strappano&#8221;<\/em> il biglietto d&#8217;accesso alla <em>&#8220;Finale A&#8221;<\/em> della domenica, nella quale giungono sul gradino pi\u00f9 basso del podio: ottimo terzo posto. Le giovani ragazze confermano la continua crescita palesata negli ultimi periodi.<\/p>\n<p><strong>Categoria U15M<\/strong><br \/>\nGiona Manfrina non pu\u00f2 pi\u00f9 nascondersi alla concorrenza. Vince la serie del singolo del sabato e domenica nella <em>&#8220;Finale A&#8221;<\/em> arriva quarto, ma a soli 2,5 secondi dalla vittoria. Nella specialit\u00e0 del singolo U15 grande battaglia per le medaglie e Giona ha dimostrato di potervi partecipare a pieno diritto.<br \/>\nAliseo Herrmann e Nicola Agus si sono cimentati nella specialit\u00e0 del doppio. Ben 42 equipaggi iscritti. Sabato giungono quarti nella loro serie. Domenica vincono la <em>&#8220;Finale D&#8221;<\/em> con l&#8217;ottavo tempo di tutte le finali, dimostrando anche loro una continua crescita di risultati.<\/p>\n<p><strong>Categoria U17F<\/strong><br \/>\nBen 42 singoliste in questa categoria, tra le quali troviamo la nostra Thea Togni. Sabato ottimo secondo posto nella sua serie, che le ha dato il diritto di gareggiare in <em>&#8220;Finale B&#8221;<\/em> la domenica, dove giunge quarta. In Svizzera nella specialit\u00e0 del singolo di categoria esiste una concorrenza di alto livello.<\/p>\n<p><strong>Categoria U17M<\/strong><br \/>\nMichele Muschietti e Simone Gliozzi si presentano in doppio: 40 le barche iscritte. Sabato giungono secondi nella loro serie che d\u00e0 loro il diritto di gareggiare in <em>&#8220;Finale B&#8221;<\/em> la domenica, dove a causa di un problema tecnico non riescono a prendere il via.<br \/>\nElias Walder e Lorenzo Lanini, assieme a Michele e Simone, si cimentano nella specialit\u00e0 del quattro di coppia. Sabato si piazzano al quarto posto nella loro serie e domenica in <em>&#8220;Finale B&#8221;\u00a0\u00a0<\/em>giungono sesti. Anche per gli U17 maschili, in Svizzera una concorrenza di alto livello.<\/p>\n<p><strong>Categoria U19F<\/strong><br \/>\nLhamo Crivelli e Giulia Maggini continuano positivamente il loro percorso in due senza. Sabato si piazzono al secondo posto della loro serie che d\u00e0 loro il diritto di gareggiare in <em>&#8220;Finale A&#8221;<\/em> la domenica, dove giungono terze. Lhamo e Giulia confermano quanto fatto vedere sino a oggi sui campi di gara. Bene per l&#8217;imminenza delle prossime importanti gare.<br \/>\nLinda Tonolini si presenta in singolo. Sabato il suo secondo posto non \u00e9 sufficiente per meno di un secondo,\u00a0 per accedere alla <em>&#8220;Finale A&#8221;<\/em> della domenica. Vince la <em>&#8220;Finale B&#8221;. <\/em>Linda ha iniziato a remare da settembre 2022 e il suo \u00e8 un continuo crescendo di risultati.<br \/>\nLinda e Thea si sono anche presentate in doppio; per Thea un salto nella categoria maggiore. Sabato giungono terze nella loro serie che d\u00e0 loro il diritto di disputare la <em>&#8220;Finale A&#8221;<\/em> della domenica, dove giungono seste.<\/p>\n<p><strong>Categoria U23M<\/strong><br \/>\nLauro Buffi si presenta in singolo. Il sabato meno di due secondi gli negano l&#8217;accesso alla <em>&#8220;Finale A&#8221;<\/em> della domenica. Buon quarto posto in <em>&#8220;Finale B&#8221;. <\/em>Gli ormai prossimi esami di fine liceo non permettono a Lauro di allenarsi nel migliore dei modi (giustamente Lauro d\u00e0 priorit\u00e0 agli studi).<\/p>\n<p>Ora due settimane di allenamento e poi il weekend del 3 e 4 giugno tutti a Sarnen, per l&#8217;ultimo appuntamento SCL sui campi di gara nazionali, prima dei Campionati Svizzeri del Rotsee a fine giugno.<\/p>\n<p>Come sempre ringraziamo: i nostri atleti, il <em>\u201cTeam degli Allenatori\u201d<\/em> , le famiglie, Giselle per l&#8217;aiuto a Cham\u00a0 e il nostro sponsor principale <em>\u201cBanca Stato\u201d<\/em>.<\/p>\n<p>Forza SCL!<\/p>\n<p><a href=\"http:\/\/www.sclocarno.ch\/wordpress\/wp-content\/uploads\/2023\/05\/Risultati-Cham-2023.pdf\" target=\"_blank\" rel=\"noopener\">Clicca qui per i risultati completi della regata di Cham<\/a><\/p>\n<p><a href=\"https:\/\/photos.app.goo.gl\/eVTssftGbVkESSh28\" target=\"_blank\" rel=\"noopener\">Clicca qui per una raccolta di immagini della regata di Cham<\/a><\/p>\n<p>&nbsp;<\/p>\n<p>&nbsp;<\/p>\n<p>&nbsp;<\/p>\n<span>","protected":false},"excerpt":{"rendered":"<p class=\"excerpt\"><span itemprop=\"description\">Beatrice Ravini Perelli, atleta SCL, capovoga del quattro di coppia Campione d&#8217;Europa categoria U19 sulle acque di &#8220;Brive La Gaillarde&#8221; in Francia! Aspettiamo il ritorno di Bea in societ\u00e0 per intervistarla; non perdete il suo racconto prossimamene sui nostri &#8220;social media&#8221;. Non potevamo non iniziare&hellip;<\/span><\/p>\n<p class=\"more-link-p btn-align-right\"><a class=\"blue zoom-btn\" href=\"https:\/\/sclocarno.ch\/wordpress\/2023\/05\/22\/beatrice-sul-tetto-deuropa-e-regata-di-cham\/\">Read More<\/a><\/p>\n","protected":false},"author":1,"featured_media":3043,"comment_status":"closed","ping_status":"closed","sticky":false,"template":"","format":"standard","meta":{"footnotes":""},"categories":[1],"tags":[],"class_list":["post-3045","post","type-post","status-publish","format-standard","has-post-thumbnail","hentry","category-news","zoom-theme-has-thumb"],"_links":{"self":[{"href":"https:\/\/sclocarno.ch\/wordpress\/wp-json\/wp\/v2\/posts\/3045","targetHints":{"allow":["GET"]}}],"collection":[{"href":"https:\/\/sclocarno.ch\/wordpress\/wp-json\/wp\/v2\/posts"}],"about":[{"href":"https:\/\/sclocarno.ch\/wordpress\/wp-json\/wp\/v2\/types\/post"}],"author":[{"embeddable":true,"href":"https:\/\/sclocarno.ch\/wordpress\/wp-json\/wp\/v2\/users\/1"}],"replies":[{"embeddable":true,"href":"https:\/\/sclocarno.ch\/wordpress\/wp-json\/wp\/v2\/comments?post=3045"}],"version-history":[{"count":24,"href":"https:\/\/sclocarno.ch\/wordpress\/wp-json\/wp\/v2\/posts\/3045\/revisions"}],"predecessor-version":[{"id":3069,"href":"https:\/\/sclocarno.ch\/wordpress\/wp-json\/wp\/v2\/posts\/3045\/revisions\/3069"}],"wp:featuredmedia":[{"embeddable":true,"href":"https:\/\/sclocarno.ch\/wordpress\/wp-json\/wp\/v2\/media\/3043"}],"wp:attachment":[{"href":"https:\/\/sclocarno.ch\/wordpress\/wp-json\/wp\/v2\/media?parent=3045"}],"wp:term":[{"taxonomy":"category","embeddable":true,"href":"https:\/\/sclocarno.ch\/wordpress\/wp-json\/wp\/v2\/categories?post=3045"},{"taxonomy":"post_tag","embeddable":true,"href":"https:\/\/sclocarno.ch\/wordpress\/wp-json\/wp\/v2\/tags?post=3045"}],"curies":[{"name":"wp","href":"https:\/\/api.w.org\/{rel}","templated":true}]}}